{"id":3905,"date":"1994-07-26T23:44:05","date_gmt":"1994-07-26T21:44:05","guid":{"rendered":"http:\/\/www.myislands.pl\/?p=3905"},"modified":"2024-02-17T12:46:18","modified_gmt":"2024-02-17T10:46:18","slug":"barbados","status":"publish","type":"post","link":"https:\/\/www.myislands.pl\/?p=3905","title":{"rendered":"Barbados"},"content":{"rendered":"\n\t\t\t<div id='3905-1' class='gallery gallery-3905 gallery-columns-5 gallery-size-thumbnail' itemscope itemtype='http:\/\/schema.org\/ImageGallery'>\n\t\t\t\t<div class='gallery-row gallery-col-5 gallery-clear'>\n\t\t\t\t\t<figure class='gallery-item col-5' itemprop='associatedMedia' itemscope itemtype='http:\/\/schema.org\/ImageObject'>\n\t\t\t\t\t\t<div class='gallery-icon landscape'><a href='https:\/\/www.myislands.pl\/wp-content\/uploads\/2010\/03\/95_07_26_01.jpg' itemprop=\"contentURL\" title=\"\" data-rl_title=\"\" class=\"rl-gallery-link\" data-rl_caption=\"\" data-rel=\"lightbox-gallery-0\"><img loading=\"lazy\" decoding=\"async\" width=\"138\" height=\"104\" src=\"https:\/\/www.myislands.pl\/wp-content\/uploads\/2010\/03\/95_07_26_01-138x104.jpg\" class=\"attachment-thumbnail size-thumbnail\" alt=\"\" itemprop=\"thumbnail\" \/><\/a><\/div>\n\t\t\t\t\t<\/figure>\n\t\t\t\t\t<figure class='gallery-item col-5' itemprop='associatedMedia' itemscope itemtype='http:\/\/schema.org\/ImageObject'>\n\t\t\t\t\t\t<div class='gallery-icon landscape'><a href='https:\/\/www.myislands.pl\/wp-content\/uploads\/2010\/03\/95_07_26_02.jpg' itemprop=\"contentURL\" title=\"\" data-rl_title=\"\" class=\"rl-gallery-link\" data-rl_caption=\"\" data-rel=\"lightbox-gallery-0\"><img loading=\"lazy\" decoding=\"async\" width=\"138\" height=\"104\" src=\"https:\/\/www.myislands.pl\/wp-content\/uploads\/2010\/03\/95_07_26_02-138x104.jpg\" class=\"attachment-thumbnail size-thumbnail\" alt=\"\" itemprop=\"thumbnail\" \/><\/a><\/div>\n\t\t\t\t\t<\/figure>\n\t\t\t\t\t<figure class='gallery-item col-5' itemprop='associatedMedia' itemscope itemtype='http:\/\/schema.org\/ImageObject'>\n\t\t\t\t\t\t<div class='gallery-icon landscape'><a href='https:\/\/www.myislands.pl\/wp-content\/uploads\/2010\/03\/95_07_26_03.jpg' itemprop=\"contentURL\" title=\"\" data-rl_title=\"\" class=\"rl-gallery-link\" data-rl_caption=\"\" data-rel=\"lightbox-gallery-0\"><img loading=\"lazy\" decoding=\"async\" width=\"138\" height=\"104\" src=\"https:\/\/www.myislands.pl\/wp-content\/uploads\/2010\/03\/95_07_26_03-138x104.jpg\" class=\"attachment-thumbnail size-thumbnail\" alt=\"\" itemprop=\"thumbnail\" \/><\/a><\/div>\n\t\t\t\t\t<\/figure>\n\t\t\t\t\t<figure class='gallery-item col-5' itemprop='associatedMedia' itemscope itemtype='http:\/\/schema.org\/ImageObject'>\n\t\t\t\t\t\t<div class='gallery-icon landscape'><a href='https:\/\/www.myislands.pl\/wp-content\/uploads\/2010\/03\/95_07_26_04.jpg' itemprop=\"contentURL\" title=\"\" data-rl_title=\"\" class=\"rl-gallery-link\" data-rl_caption=\"\" data-rel=\"lightbox-gallery-0\"><img loading=\"lazy\" decoding=\"async\" width=\"138\" height=\"104\" src=\"https:\/\/www.myislands.pl\/wp-content\/uploads\/2010\/03\/95_07_26_04-138x104.jpg\" class=\"attachment-thumbnail size-thumbnail\" alt=\"\" itemprop=\"thumbnail\" \/><\/a><\/div>\n\t\t\t\t\t<\/figure>\n\t\t\t<\/div>\n\t\t\t<\/div><!-- .gallery -->\n\n<p>Barbados \u2013 pa\u0144stwo na Ma\u0142ych Antylach, zajmuj\u0105ce wysp\u0119 o tej samej nazwie. Nazwa wyspy pochodzi z j\u0119zyka portugalskiego: Portugalczycy zwr\u00f3cili uwag\u0119 na miejscow\u0105 odmian\u0119 figowca, tworz\u0105cego du\u017c\u0105 siatk\u0119 korzeni, przypominaj\u0105c\u0105 brod\u0119. Drzewa te nazwano &#8220;drzewami brodatymi&#8221; (los barbados), sk\u0105d przesz\u0142a nazwa na ca\u0142\u0105 wysp\u0119.<\/p>\n<p>Wyspa, w przeciwie\u0144stwie do innych wysp archipelagu, nie ma budowy wulkanicznej, a wapienn\u0105. Pocz\u0105tek wyspie da\u0142y rafy koralowe, kt\u00f3re ci\u0105gle otaczaj\u0105 jej wody. Wyst\u0119puj\u0105 pag\u00f3rki, z kt\u00f3rych najwy\u017cszy (Mount Hillaby) nie przekracza 340 m n.p.m.. Brak wyra\u017anych w\u00f3d \u015br\u00f3dl\u0105dowych, ale istniej\u0105 rozwini\u0119te zjawiska krasowe.<\/p>\n<p>Wyspa otoczona ze wszystkich stron wodami Oceanu Atlantyckiego charakteryzuje si\u0119 tropikalnym klimatem podr\u00f3wnikowym. W lecie wysp\u0119 nawiedzaj\u0105 cyklony.<\/p>\n<p><a href=\"https:\/\/pl.wikipedia.org\/wiki\/Barbados\" target=\"_blank\" rel=\"noopener noreferrer\">\u0179r\u00f3d\u0142o: Wikipedia (na licencji GNU FDL)<\/a><\/p>\n<p><iframe loading=\"lazy\" src=\"https:\/\/wikimapia.org\/#lat=13.185131&#038;lon=-59.5472717&#038;z=11&#038;l=28&#038;ifr=1&#038;m=b\" width=\"582\" height=\"497\" frameborder=\"0\"><\/iframe><\/p>\n","protected":false},"excerpt":{"rendered":"<p>Barbados \u2013 pa\u0144stwo na Ma\u0142ych Antylach, zajmuj\u0105ce wysp\u0119 o tej samej nazwie. Nazwa wyspy pochodzi z j\u0119zyka portugalskiego: Portugalczycy zwr\u00f3cili uwag\u0119 na miejscow\u0105 odmian\u0119 figowca, tworz\u0105cego du\u017c\u0105 siatk\u0119 korzeni, przypominaj\u0105c\u0105 brod\u0119. Drzewa te nazwano &#8220;drzewami brodatymi&#8221; (los barbados), sk\u0105d przesz\u0142a nazwa na ca\u0142\u0105 wysp\u0119.<\/p>\n","protected":false},"author":1,"featured_media":0,"comment_status":"open","ping_status":"open","sticky":false,"template":"","format":"standard","meta":{"footnotes":""},"categories":[104],"tags":[26,82,14],"class_list":["post-3905","post","type-post","status-publish","format-standard","hentry","category-barbados","tag-fotografia-podwodna","tag-taniec","tag-zachody-slonca"],"_links":{"self":[{"href":"https:\/\/www.myislands.pl\/index.php?rest_route=\/wp\/v2\/posts\/3905","targetHints":{"allow":["GET"]}}],"collection":[{"href":"https:\/\/www.myislands.pl\/index.php?rest_route=\/wp\/v2\/posts"}],"about":[{"href":"https:\/\/www.myislands.pl\/index.php?rest_route=\/wp\/v2\/types\/post"}],"author":[{"embeddable":true,"href":"https:\/\/www.myislands.pl\/index.php?rest_route=\/wp\/v2\/users\/1"}],"replies":[{"embeddable":true,"href":"https:\/\/www.myislands.pl\/index.php?rest_route=%2Fwp%2Fv2%2Fcomments&post=3905"}],"version-history":[{"count":9,"href":"https:\/\/www.myislands.pl\/index.php?rest_route=\/wp\/v2\/posts\/3905\/revisions"}],"predecessor-version":[{"id":9905,"href":"https:\/\/www.myislands.pl\/index.php?rest_route=\/wp\/v2\/posts\/3905\/revisions\/9905"}],"wp:attachment":[{"href":"https:\/\/www.myislands.pl\/index.php?rest_route=%2Fwp%2Fv2%2Fmedia&parent=3905"}],"wp:term":[{"taxonomy":"category","embeddable":true,"href":"https:\/\/www.myislands.pl\/index.php?rest_route=%2Fwp%2Fv2%2Fcategories&post=3905"},{"taxonomy":"post_tag","embeddable":true,"href":"https:\/\/www.myislands.pl\/index.php?rest_route=%2Fwp%2Fv2%2Ftags&post=3905"}],"curies":[{"name":"wp","href":"https:\/\/api.w.org\/{rel}","templated":true}]}}