{"id":3918,"date":"1994-02-17T00:02:23","date_gmt":"1994-02-16T22:02:23","guid":{"rendered":"http:\/\/www.myislands.pl\/?p=3918"},"modified":"2024-02-17T12:46:30","modified_gmt":"2024-02-17T10:46:30","slug":"faial","status":"publish","type":"post","link":"https:\/\/www.myislands.pl\/?p=3918","title":{"rendered":"Faial"},"content":{"rendered":"\n\t\t\t<div id='3918-1' class='gallery gallery-3918 gallery-columns-5 gallery-size-thumbnail' itemscope itemtype='http:\/\/schema.org\/ImageGallery'>\n\t\t\t\t<div class='gallery-row gallery-col-5 gallery-clear'>\n\t\t\t\t\t<figure class='gallery-item col-5' itemprop='associatedMedia' itemscope itemtype='http:\/\/schema.org\/ImageObject'>\n\t\t\t\t\t\t<div class='gallery-icon landscape'><a href='https:\/\/www.myislands.pl\/wp-content\/uploads\/2010\/03\/94_02_17_01.jpg' itemprop=\"contentURL\" title=\"\" data-rl_title=\"\" class=\"rl-gallery-link\" data-rl_caption=\"\" data-rel=\"lightbox-gallery-0\"><img loading=\"lazy\" decoding=\"async\" width=\"138\" height=\"104\" src=\"https:\/\/www.myislands.pl\/wp-content\/uploads\/2010\/03\/94_02_17_01-138x104.jpg\" class=\"attachment-thumbnail size-thumbnail\" alt=\"\" itemprop=\"thumbnail\" \/><\/a><\/div>\n\t\t\t\t\t<\/figure>\n\t\t\t\t\t<figure class='gallery-item col-5' itemprop='associatedMedia' itemscope itemtype='http:\/\/schema.org\/ImageObject'>\n\t\t\t\t\t\t<div class='gallery-icon landscape'><a href='https:\/\/www.myislands.pl\/wp-content\/uploads\/2010\/03\/94_02_17_02.jpg' itemprop=\"contentURL\" title=\"\" data-rl_title=\"\" class=\"rl-gallery-link\" data-rl_caption=\"\" data-rel=\"lightbox-gallery-0\"><img loading=\"lazy\" decoding=\"async\" width=\"138\" height=\"104\" src=\"https:\/\/www.myislands.pl\/wp-content\/uploads\/2010\/03\/94_02_17_02-138x104.jpg\" class=\"attachment-thumbnail size-thumbnail\" alt=\"\" itemprop=\"thumbnail\" \/><\/a><\/div>\n\t\t\t\t\t<\/figure>\n\t\t\t\t\t<figure class='gallery-item col-5' itemprop='associatedMedia' itemscope itemtype='http:\/\/schema.org\/ImageObject'>\n\t\t\t\t\t\t<div class='gallery-icon landscape'><a href='https:\/\/www.myislands.pl\/wp-content\/uploads\/2010\/03\/94_02_17_03.jpg' itemprop=\"contentURL\" title=\"\" data-rl_title=\"\" class=\"rl-gallery-link\" data-rl_caption=\"\" data-rel=\"lightbox-gallery-0\"><img loading=\"lazy\" decoding=\"async\" width=\"138\" height=\"104\" src=\"https:\/\/www.myislands.pl\/wp-content\/uploads\/2010\/03\/94_02_17_03-138x104.jpg\" class=\"attachment-thumbnail size-thumbnail\" alt=\"\" itemprop=\"thumbnail\" \/><\/a><\/div>\n\t\t\t\t\t<\/figure>\n\t\t\t\t\t<figure class='gallery-item col-5' itemprop='associatedMedia' itemscope itemtype='http:\/\/schema.org\/ImageObject'>\n\t\t\t\t\t\t<div class='gallery-icon landscape'><a href='https:\/\/www.myislands.pl\/wp-content\/uploads\/2010\/03\/94_02_17_04.jpg' itemprop=\"contentURL\" title=\"\" data-rl_title=\"\" class=\"rl-gallery-link\" data-rl_caption=\"\" data-rel=\"lightbox-gallery-0\"><img loading=\"lazy\" decoding=\"async\" width=\"138\" height=\"104\" src=\"https:\/\/www.myislands.pl\/wp-content\/uploads\/2010\/03\/94_02_17_04-138x104.jpg\" class=\"attachment-thumbnail size-thumbnail\" alt=\"\" itemprop=\"thumbnail\" \/><\/a><\/div>\n\t\t\t\t\t<\/figure>\n\t\t\t\t\t<figure class='gallery-item col-5' itemprop='associatedMedia' itemscope itemtype='http:\/\/schema.org\/ImageObject'>\n\t\t\t\t\t\t<div class='gallery-icon landscape'><a href='https:\/\/www.myislands.pl\/wp-content\/uploads\/2010\/03\/94_02_17_05.jpg' itemprop=\"contentURL\" title=\"\" data-rl_title=\"\" class=\"rl-gallery-link\" data-rl_caption=\"\" data-rel=\"lightbox-gallery-0\"><img loading=\"lazy\" decoding=\"async\" width=\"138\" height=\"104\" src=\"https:\/\/www.myislands.pl\/wp-content\/uploads\/2010\/03\/94_02_17_05-138x104.jpg\" class=\"attachment-thumbnail size-thumbnail\" alt=\"\" itemprop=\"thumbnail\" \/><\/a><\/div>\n\t\t\t\t\t<\/figure>\n\t\t\t\t<\/div>\n\t\t\t<\/div><!-- .gallery -->\n\n<p>Faial (od drzewka Myrica Faya Aiton z rodziny woskownicowatych, porastaj\u0105cego obficie okolic\u0119) &#8211; portugalska wyspa wulkaniczna w centralnej cz\u0119\u015bci archipelagu azorskiego, po\u0142o\u017cona na przeciw charakterystycznego stratowulkanu Pico, odzielonego od niej cie\u015bnin\u0105 o \u015bredniej szeroko\u015bci 3 km, w kt\u00f3rej du\u017c\u0105 atrakcj\u0119 turystyczn\u0105 stanowi\u0105 obecnie liczne delfiny zwyczajne, sejwale i kaszaloty.<\/p>\n<p>Powierzchnia wyspy wynosi 173 km\u00b2, a jej przeci\u0119tne wymiary to 20 km d\u0142ugo\u015bci i 25 km szeroko\u015bci. Najwy\u017cszy punkt stanowi wierzcho\u0142ek Cabe\u00e7o Gordo (dos\u0142ownie Gruba G\u0142owa), wznosz\u0105cy si\u0119 na wysoko\u015b\u0107 1043 m n.p.m. Spo\u015br\u00f3d lokalnych wydarze\u0144 historycznych na uwag\u0119 zas\u0142uguje stosunkowo du\u017ca ilo\u015b\u0107 flamandzkich osadnik\u00f3w, kt\u00f3rzy zasiedlali wysp\u0119 pocz\u0105wszy od XV wieku, oraz erupcja Vulc\u00e3o dos Capelinhos z 1957 roku, w wyniku kt\u00f3rej powierzchnia wyspy zwi\u0119kszy\u0142a si\u0119 o nieca\u0142e 1,5 km\u00b2. Stolic\u0105 Faial jest miasteczko Horta, skupiaj\u0105ce 6636 z nieca\u0142ych 15 tysi\u0119cy aktualnych mieszka\u0144c\u00f3w wyspy &#8211; jest to zarazem popularne miejsce postoju dla jacht\u00f3w, przemierzaj\u0105cych Atlantyk.<\/p>\n<p><a href=\"https:\/\/pl.wikipedia.org\/wiki\/Faial\" target=\"_blank\" rel=\"noopener noreferrer\">\u0179r\u00f3d\u0142o: Wikipedia (na licencji GNU FDL)<\/a><\/p>\n<p><iframe loading=\"lazy\" src=\"https:\/\/wikimapia.org\/#lat=38.5739375&#038;lon=-28.7065887&#038;z=11&#038;l=28&#038;ifr=1&#038;m=b\" width=\"582\" height=\"385\" frameborder=\"0\"><\/iframe><\/p>\n","protected":false},"excerpt":{"rendered":"<p>Faial (od drzewka Myrica Faya Aiton z rodziny woskownicowatych, porastaj\u0105cego obficie okolic\u0119) &#8211; portugalska wyspa wulkaniczna w centralnej cz\u0119\u015bci archipelagu azorskiego, po\u0142o\u017cona na przeciw charakterystycznego stratowulkanu Pico, odzielonego od niej cie\u015bnin\u0105 o \u015bredniej szeroko\u015bci 3 km, w kt\u00f3rej du\u017c\u0105 atrakcj\u0119 turystyczn\u0105 stanowi\u0105 obecnie liczne delfiny zwyczajne, sejwale i kaszaloty.<\/p>\n","protected":false},"author":1,"featured_media":0,"comment_status":"open","ping_status":"open","sticky":false,"template":"","format":"standard","meta":{"footnotes":""},"categories":[120],"tags":[57],"class_list":["post-3918","post","type-post","status-publish","format-standard","hentry","category-azores","tag-gora"],"_links":{"self":[{"href":"https:\/\/www.myislands.pl\/index.php?rest_route=\/wp\/v2\/posts\/3918","targetHints":{"allow":["GET"]}}],"collection":[{"href":"https:\/\/www.myislands.pl\/index.php?rest_route=\/wp\/v2\/posts"}],"about":[{"href":"https:\/\/www.myislands.pl\/index.php?rest_route=\/wp\/v2\/types\/post"}],"author":[{"embeddable":true,"href":"https:\/\/www.myislands.pl\/index.php?rest_route=\/wp\/v2\/users\/1"}],"replies":[{"embeddable":true,"href":"https:\/\/www.myislands.pl\/index.php?rest_route=%2Fwp%2Fv2%2Fcomments&post=3918"}],"version-history":[{"count":8,"href":"https:\/\/www.myislands.pl\/index.php?rest_route=\/wp\/v2\/posts\/3918\/revisions"}],"predecessor-version":[{"id":9906,"href":"https:\/\/www.myislands.pl\/index.php?rest_route=\/wp\/v2\/posts\/3918\/revisions\/9906"}],"wp:attachment":[{"href":"https:\/\/www.myislands.pl\/index.php?rest_route=%2Fwp%2Fv2%2Fmedia&parent=3918"}],"wp:term":[{"taxonomy":"category","embeddable":true,"href":"https:\/\/www.myislands.pl\/index.php?rest_route=%2Fwp%2Fv2%2Fcategories&post=3918"},{"taxonomy":"post_tag","embeddable":true,"href":"https:\/\/www.myislands.pl\/index.php?rest_route=%2Fwp%2Fv2%2Ftags&post=3918"}],"curies":[{"name":"wp","href":"https:\/\/api.w.org\/{rel}","templated":true}]}}